{"id":1939,"date":"2020-09-03T12:58:41","date_gmt":"2020-09-03T12:58:41","guid":{"rendered":"https:\/\/greenfc.com\/?p=1939"},"modified":"2022-08-28T09:16:07","modified_gmt":"2022-08-28T09:16:07","slug":"zeit-fuer-veraenderung","status":"publish","type":"post","link":"https:\/\/greenfc.com\/de\/geschichten\/zeit-fuer-veraenderung\/","title":{"rendered":"Zeit f\u00fcr Ver\u00e4nderung"},"content":{"rendered":"","protected":false},"excerpt":{"rendered":"<p>Jetzt haben wir die M\u00f6glichkeit, unsere Beziehung zur Natur und die Art und Weise, wie wir ihre Ressourcen nutzen, die zum Klimawandel und zur Ausbreitung neuer Krankheiten beigetragen haben, zu \u00e4ndern. Die umzusetzenden Ver\u00e4nderungen m\u00fcssen die \u00f6ffentlichen Beh\u00f6rden, die Privatwirtschaft, B\u00fcrger und Universit\u00e4ten einbeziehen. Ich muss auch die Bedeutung von Architekten und Designern als Akteure bei der Konzeption von \u00f6ffentlichen und privaten R\u00e4umen erw\u00e4hnen. H\u00e4user, Arbeitspl\u00e4tze und St\u00e4dte werden viele Anpassungen ben\u00f6tigen.<\/p>\n","protected":false},"author":3,"featured_media":0,"comment_status":"closed","ping_status":"closed","sticky":false,"template":"","format":"standard","meta":{"content-type":""},"acf":[],"yoast_head":"<!-- This site is optimized with the Yoast SEO plugin v18.0 - https:\/\/yoast.com\/wordpress\/plugins\/seo\/ -->\n<title>Zeit f\u00fcr Ver\u00e4nderung - German - GFC<\/title>\n<meta name=\"description\" content=\"GFC \u00fcbernahm die F\u00fchrung in der Design- und M\u00f6belbranche und setzte Ma\u00dfnahmen und Standards um, die das Unternehmen zu einem \u201egr\u00fcnen Unternehmen\u201c machen.\" \/>\n<meta name=\"robots\" content=\"index, follow, max-snippet:-1, max-image-preview:large, max-video-preview:-1\" \/>\n<link rel=\"canonical\" href=\"https:\/\/greenfc.com\/de\/geschichten\/zeit-fuer-veraenderung\/\" \/>\n<meta property=\"og:locale\" content=\"de_DE\" \/>\n<meta property=\"og:type\" content=\"article\" \/>\n<meta property=\"og:title\" content=\"Zeit f\u00fcr Ver\u00e4nderung - German - GFC\" \/>\n<meta property=\"og:description\" content=\"GFC \u00fcbernahm die F\u00fchrung in der Design- und M\u00f6belbranche und setzte Ma\u00dfnahmen und Standards um, die das Unternehmen zu einem \u201egr\u00fcnen Unternehmen\u201c machen.\" \/>\n<meta property=\"og:url\" content=\"https:\/\/greenfc.com\/de\/geschichten\/zeit-fuer-veraenderung\/\" \/>\n<meta property=\"og:site_name\" content=\"German - GFC\" \/>\n<meta property=\"article:published_time\" content=\"2020-09-03T12:58:41+00:00\" \/>\n<meta property=\"article:modified_time\" content=\"2022-08-28T09:16:07+00:00\" \/>\n<meta name=\"twitter:card\" content=\"summary_large_image\" \/>\n<meta name=\"twitter:label1\" content=\"Verfasst von\" \/>\n\t<meta name=\"twitter:data1\" content=\"adelekamel\" \/>\n<script type=\"application\/ld+json\" class=\"yoast-schema-graph\">{\"@context\":\"https:\/\/schema.org\",\"@graph\":[{\"@type\":\"WebSite\",\"@id\":\"https:\/\/greenfc.com\/de\/#website\",\"url\":\"https:\/\/greenfc.com\/de\/\",\"name\":\"German - GFC\",\"description\":\"We&#039;re making places matter\",\"potentialAction\":[{\"@type\":\"SearchAction\",\"target\":{\"@type\":\"EntryPoint\",\"urlTemplate\":\"https:\/\/greenfc.com\/de\/?s={search_term_string}\"},\"query-input\":\"required name=search_term_string\"}],\"inLanguage\":\"de-DE\"},{\"@type\":\"WebPage\",\"@id\":\"https:\/\/greenfc.com\/de\/geschichten\/zeit-fuer-veraenderung\/#webpage\",\"url\":\"https:\/\/greenfc.com\/de\/geschichten\/zeit-fuer-veraenderung\/\",\"name\":\"Zeit f\u00fcr Ver\u00e4nderung - German - GFC\",\"isPartOf\":{\"@id\":\"https:\/\/greenfc.com\/de\/#website\"},\"datePublished\":\"2020-09-03T12:58:41+00:00\",\"dateModified\":\"2022-08-28T09:16:07+00:00\",\"author\":{\"@id\":\"https:\/\/greenfc.com\/de\/#\/schema\/person\/fc7b1081e69c1156c0f6cbedf10f14d2\"},\"description\":\"GFC \u00fcbernahm die F\u00fchrung in der Design- und M\u00f6belbranche und setzte Ma\u00dfnahmen und Standards um, die das Unternehmen zu einem \u201egr\u00fcnen Unternehmen\u201c machen.\",\"breadcrumb\":{\"@id\":\"https:\/\/greenfc.com\/de\/geschichten\/zeit-fuer-veraenderung\/#breadcrumb\"},\"inLanguage\":\"de-DE\",\"potentialAction\":[{\"@type\":\"ReadAction\",\"target\":[\"https:\/\/greenfc.com\/de\/geschichten\/zeit-fuer-veraenderung\/\"]}]},{\"@type\":\"BreadcrumbList\",\"@id\":\"https:\/\/greenfc.com\/de\/geschichten\/zeit-fuer-veraenderung\/#breadcrumb\",\"itemListElement\":[{\"@type\":\"ListItem\",\"position\":1,\"name\":\"Home\",\"item\":\"https:\/\/greenfc.com\/de\/\"},{\"@type\":\"ListItem\",\"position\":2,\"name\":\"Zeit f\u00fcr Ver\u00e4nderung\"}]},{\"@type\":\"Person\",\"@id\":\"https:\/\/greenfc.com\/de\/#\/schema\/person\/fc7b1081e69c1156c0f6cbedf10f14d2\",\"name\":\"adelekamel\",\"image\":{\"@type\":\"ImageObject\",\"@id\":\"https:\/\/greenfc.com\/de\/#personlogo\",\"inLanguage\":\"de-DE\",\"url\":\"https:\/\/secure.gravatar.com\/avatar\/5479604404266b62d1bf3303a592f095?s=96&d=mm&r=g\",\"contentUrl\":\"https:\/\/secure.gravatar.com\/avatar\/5479604404266b62d1bf3303a592f095?s=96&d=mm&r=g\",\"caption\":\"adelekamel\"},\"url\":\"https:\/\/greenfc.com\/de\/geschichten\/author\/adelekamel\/\"}]}<\/script>\n<!-- \/ Yoast SEO plugin. -->","yoast_head_json":{"title":"Zeit f\u00fcr Ver\u00e4nderung - German - GFC","description":"GFC \u00fcbernahm die F\u00fchrung in der Design- und M\u00f6belbranche und setzte Ma\u00dfnahmen und Standards um, die das Unternehmen zu einem \u201egr\u00fcnen Unternehmen\u201c machen.","robots":{"index":"index","follow":"follow","max-snippet":"max-snippet:-1","max-image-preview":"max-image-preview:large","max-video-preview":"max-video-preview:-1"},"canonical":"https:\/\/greenfc.com\/de\/geschichten\/zeit-fuer-veraenderung\/","og_locale":"de_DE","og_type":"article","og_title":"Zeit f\u00fcr Ver\u00e4nderung - German - GFC","og_description":"GFC \u00fcbernahm die F\u00fchrung in der Design- und M\u00f6belbranche und setzte Ma\u00dfnahmen und Standards um, die das Unternehmen zu einem \u201egr\u00fcnen Unternehmen\u201c machen.","og_url":"https:\/\/greenfc.com\/de\/geschichten\/zeit-fuer-veraenderung\/","og_site_name":"German - GFC","article_published_time":"2020-09-03T12:58:41+00:00","article_modified_time":"2022-08-28T09:16:07+00:00","twitter_card":"summary_large_image","twitter_misc":{"Verfasst von":"adelekamel"},"schema":{"@context":"https:\/\/schema.org","@graph":[{"@type":"WebSite","@id":"https:\/\/greenfc.com\/de\/#website","url":"https:\/\/greenfc.com\/de\/","name":"German - GFC","description":"We&#039;re making places matter","potentialAction":[{"@type":"SearchAction","target":{"@type":"EntryPoint","urlTemplate":"https:\/\/greenfc.com\/de\/?s={search_term_string}"},"query-input":"required name=search_term_string"}],"inLanguage":"de-DE"},{"@type":"WebPage","@id":"https:\/\/greenfc.com\/de\/geschichten\/zeit-fuer-veraenderung\/#webpage","url":"https:\/\/greenfc.com\/de\/geschichten\/zeit-fuer-veraenderung\/","name":"Zeit f\u00fcr Ver\u00e4nderung - German - GFC","isPartOf":{"@id":"https:\/\/greenfc.com\/de\/#website"},"datePublished":"2020-09-03T12:58:41+00:00","dateModified":"2022-08-28T09:16:07+00:00","author":{"@id":"https:\/\/greenfc.com\/de\/#\/schema\/person\/fc7b1081e69c1156c0f6cbedf10f14d2"},"description":"GFC \u00fcbernahm die F\u00fchrung in der Design- und M\u00f6belbranche und setzte Ma\u00dfnahmen und Standards um, die das Unternehmen zu einem \u201egr\u00fcnen Unternehmen\u201c machen.","breadcrumb":{"@id":"https:\/\/greenfc.com\/de\/geschichten\/zeit-fuer-veraenderung\/#breadcrumb"},"inLanguage":"de-DE","potentialAction":[{"@type":"ReadAction","target":["https:\/\/greenfc.com\/de\/geschichten\/zeit-fuer-veraenderung\/"]}]},{"@type":"BreadcrumbList","@id":"https:\/\/greenfc.com\/de\/geschichten\/zeit-fuer-veraenderung\/#breadcrumb","itemListElement":[{"@type":"ListItem","position":1,"name":"Home","item":"https:\/\/greenfc.com\/de\/"},{"@type":"ListItem","position":2,"name":"Zeit f\u00fcr Ver\u00e4nderung"}]},{"@type":"Person","@id":"https:\/\/greenfc.com\/de\/#\/schema\/person\/fc7b1081e69c1156c0f6cbedf10f14d2","name":"adelekamel","image":{"@type":"ImageObject","@id":"https:\/\/greenfc.com\/de\/#personlogo","inLanguage":"de-DE","url":"https:\/\/secure.gravatar.com\/avatar\/5479604404266b62d1bf3303a592f095?s=96&d=mm&r=g","contentUrl":"https:\/\/secure.gravatar.com\/avatar\/5479604404266b62d1bf3303a592f095?s=96&d=mm&r=g","caption":"adelekamel"},"url":"https:\/\/greenfc.com\/de\/geschichten\/author\/adelekamel\/"}]}},"_links":{"self":[{"href":"https:\/\/greenfc.com\/de\/wp-json\/wp\/v2\/posts\/1939"}],"collection":[{"href":"https:\/\/greenfc.com\/de\/wp-json\/wp\/v2\/posts"}],"about":[{"href":"https:\/\/greenfc.com\/de\/wp-json\/wp\/v2\/types\/post"}],"author":[{"embeddable":true,"href":"https:\/\/greenfc.com\/de\/wp-json\/wp\/v2\/users\/3"}],"replies":[{"embeddable":true,"href":"https:\/\/greenfc.com\/de\/wp-json\/wp\/v2\/comments?post=1939"}],"version-history":[{"count":9,"href":"https:\/\/greenfc.com\/de\/wp-json\/wp\/v2\/posts\/1939\/revisions"}],"predecessor-version":[{"id":3622,"href":"https:\/\/greenfc.com\/de\/wp-json\/wp\/v2\/posts\/1939\/revisions\/3622"}],"wp:attachment":[{"href":"https:\/\/greenfc.com\/de\/wp-json\/wp\/v2\/media?parent=1939"}],"curies":[{"name":"wp","href":"https:\/\/api.w.org\/{rel}","templated":true}]}}